{"id":9913,"date":"2021-06-23T15:42:10","date_gmt":"2021-06-23T14:42:10","guid":{"rendered":"https:\/\/www.laressourcerie-bv.fr\/?p=9913"},"modified":"2021-06-23T15:42:13","modified_gmt":"2021-06-23T14:42:13","slug":"bonnes-nouvelles-pour-le-secteur-du-reemploi","status":"publish","type":"post","link":"https:\/\/www.laressourcerie-bv.fr\/?p=9913","title":{"rendered":"Bonnes nouvelles pour le secteur du r\u00e9emploi"},"content":{"rendered":"<p>Nous vous invitons \u00e0 lire cet article \u00e9dit\u00e9 par le REFER (R\u00e9seau Francilien du R\u00e9emploi).<\/p>\n<p>C&rsquo;est une bonne nouvelle pour tous les acteurs issus de l&rsquo;\u00e9conomie sociale et solidaire, Recyclerie, Ressourcerie, r\u00e9seau Emma\u00fcs, etc.<\/p>\n<h4 class=\"post-title entry-title\">\u00ab\u00a0Adoption de l\u2019amendement pour des fonds r\u00e9emploi 100% solidaires !\u00a0\u00bb<\/h4>\n<p><a href=\"https:\/\/www.reemploi-idf.org\/fonds-reemploi-solidaires\/?fbclid=IwAR21s_EvfqCEI2EnANBzI3g3MkAoPNFicSGh042cWn7J3z3UyTmKpISU4-I\">https:\/\/www.reemploi-idf.org\/fonds-reemploi-solidaires\/?fbclid=IwAR21s_EvfqCEI2EnANBzI3g3MkAoPNFicSGh042cWn7J3z3UyTmKpISU4-I<\/a><\/p>\n","protected":false},"excerpt":{"rendered":"<p>Nous vous invitons \u00e0 lire cet article \u00e9dit\u00e9 par le REFER (R\u00e9seau Francilien du R\u00e9emploi). C&rsquo;est une bonne nouvelle pour tous les acteurs issus de l&rsquo;\u00e9conomie sociale et solidaire, Recyclerie, Ressourcerie, r\u00e9seau Emma\u00fcs, etc. \u00ab\u00a0Adoption de l\u2019amendement pour des fonds &hellip; <a href=\"https:\/\/www.laressourcerie-bv.fr\/?p=9913\">Lire la suite\u00ad\u00ad<\/a><\/p>\n","protected":false},"author":3,"featured_media":0,"comment_status":"closed","ping_status":"closed","sticky":false,"template":"","format":"standard","meta":{"kt_blocks_editor_width":"","jetpack_post_was_ever_published":false,"_jetpack_newsletter_access":"","_jetpack_dont_email_post_to_subs":false,"_jetpack_newsletter_tier_id":0,"_jetpack_memberships_contains_paywalled_content":false,"_jetpack_memberships_contains_paid_content":false,"footnotes":"","jetpack_publicize_message":"","jetpack_publicize_feature_enabled":true,"jetpack_social_post_already_shared":true,"jetpack_social_options":{"image_generator_settings":{"template":"highway","default_image_id":0,"font":"","enabled":false},"version":2}},"categories":[24,4,9],"tags":[],"class_list":["post-9913","post","type-post","status-publish","format-standard","hentry","category-annonce-exceptionnelle","category-informations-generales","category-sensibilisation"],"jetpack_publicize_connections":[],"jetpack_featured_media_url":"","jetpack_sharing_enabled":true,"jetpack_shortlink":"https:\/\/wp.me\/p4vcLL-2zT","_links":{"self":[{"href":"https:\/\/www.laressourcerie-bv.fr\/index.php?rest_route=\/wp\/v2\/posts\/9913","targetHints":{"allow":["GET"]}}],"collection":[{"href":"https:\/\/www.laressourcerie-bv.fr\/index.php?rest_route=\/wp\/v2\/posts"}],"about":[{"href":"https:\/\/www.laressourcerie-bv.fr\/index.php?rest_route=\/wp\/v2\/types\/post"}],"author":[{"embeddable":true,"href":"https:\/\/www.laressourcerie-bv.fr\/index.php?rest_route=\/wp\/v2\/users\/3"}],"replies":[{"embeddable":true,"href":"https:\/\/www.laressourcerie-bv.fr\/index.php?rest_route=%2Fwp%2Fv2%2Fcomments&post=9913"}],"version-history":[{"count":1,"href":"https:\/\/www.laressourcerie-bv.fr\/index.php?rest_route=\/wp\/v2\/posts\/9913\/revisions"}],"predecessor-version":[{"id":9914,"href":"https:\/\/www.laressourcerie-bv.fr\/index.php?rest_route=\/wp\/v2\/posts\/9913\/revisions\/9914"}],"wp:attachment":[{"href":"https:\/\/www.laressourcerie-bv.fr\/index.php?rest_route=%2Fwp%2Fv2%2Fmedia&parent=9913"}],"wp:term":[{"taxonomy":"category","embeddable":true,"href":"https:\/\/www.laressourcerie-bv.fr\/index.php?rest_route=%2Fwp%2Fv2%2Fcategories&post=9913"},{"taxonomy":"post_tag","embeddable":true,"href":"https:\/\/www.laressourcerie-bv.fr\/index.php?rest_route=%2Fwp%2Fv2%2Ftags&post=9913"}],"curies":[{"name":"wp","href":"https:\/\/api.w.org\/{rel}","templated":true}]}}