{"id":7834,"date":"2020-06-26T15:00:39","date_gmt":"2020-06-26T14:00:39","guid":{"rendered":"https:\/\/www.laressourcerie-bv.fr\/?p=7834"},"modified":"2020-06-26T15:02:03","modified_gmt":"2020-06-26T14:02:03","slug":"on-decouvre-les-ateliers-mariannes","status":"publish","type":"post","link":"https:\/\/www.laressourcerie-bv.fr\/?p=7834","title":{"rendered":"On d\u00e9couvre les Ateliers Marianne"},"content":{"rendered":"<p><a href=\"https:\/\/i0.wp.com\/www.laressourcerie-bv.fr\/wp-content\/uploads\/2020\/06\/105044533_403060697255235_704667839877525959_n.jpg?ssl=1\"><img data-recalc-dims=\"1\" loading=\"lazy\" decoding=\"async\" class=\"alignnone  wp-image-7833\" src=\"https:\/\/i0.wp.com\/www.laressourcerie-bv.fr\/wp-content\/uploads\/2020\/06\/105044533_403060697255235_704667839877525959_n-284x300.jpg?resize=244%2C258&#038;ssl=1\" alt=\"\" width=\"244\" height=\"258\" \/><\/a><\/p>\n<p><strong>Les Ateliers Marianne<\/strong> est un atelier d&rsquo;insertion socioprofessionnelle bas\u00e9 sur la commune de Pont-de-Claix.<\/p>\n<p>Leur activit\u00e9 est li\u00e9e \u00e0 la confection de textiles, accessoires de mode et de pr\u00eat \u00e0 porter et \u00e0 la cr\u00e9ation de meubles et objets de d\u00e9co, tous cela \u00e0 base de mat\u00e9riaux de r\u00e9cup\u00e9ration.<\/p>\n<p>C&rsquo;est une association importante, li\u00e9e \u00e0 l&rsquo;\u00e9conomie sociale et solidaire, implant\u00e9e sur le bassin grenoblois.<\/p>\n<p>Nous avons le plaisir de vous la faire d\u00e9couvrir, en tout cas pour celles et ceux qui ne la connaissent pas encore.<\/p>\n<p>Empressez-vous de cliquer sur les liens ci-dessous pour appr\u00e9cier leurs travaux qui valent le d\u00e9tour:<\/p>\n<p><a href=\"http:\/\/lesateliersmarianne.fr\/?fbclid=IwAR2droNr4ICYRmeEivfs67b-mwxkM7_qCT6jGTP_jrqXLPEUCf8TCb3C59Y\">http:\/\/lesateliersmarianne.fr\/?fbclid=IwAR2droNr4ICYRmeEivfs67b-mwxkM7_qCT6jGTP_jrqXLPEUCf8TCb3C59Y<\/a><\/p>\n<p><a href=\"https:\/\/l.facebook.com\/l.php?u=https%3A%2F%2Fmailchi.mp%2F98c45eaad0de%2Fnewsletter-mars-4945158%3Ffbclid%3DIwAR2j_xcBwAVw0auVZES3x20-awOmKrECfNVHVfsDMqjqGuEstouii1ZaFt0&amp;h=AT02vqY3LZmzV6BvjZe1W57wi1NnEmk0bnqsKkmkpychCL2gMvqIHa1DpBcoEbdgx9-fNO0Vpni9Q5PLRe8nA1p0vNQfn-co99XbbK_eLd0x80tGaM3aX3lC0tmHxn2CsCT14MHcnvMAF8YufhjB3IGf7Hv2yoi_a9GtUJ8kJt-nj9rvIsdqkaLEAAx-xKG_hrX3ZlyjK1qiAl3BK4DIjXVfoh_47O7bqTZCrzRPUAx-bf7auuXspJVAopyc3ahQVyCWKslEEHPUKTsRbR9eDNZdOLavqCWc0vObusysx42u3X08n3PegX-4yevO3VjozOl9KWszCWI1XKB_Fj-LUVN0etAmQHJbPVREs-nELSnvKBqlgRUbmmcGjXWI_xeiuDTERZoDNtFQLQTHr7PJB58d2mra_aNhP6hhNJhlLjlsAgqXfSfXL4Ldar5KJce3S6F-B2lztD2Gz-Wy4AiruzQJnBvmx1bPdn0NoGd4RTk_GuBgoQcUxZl-1E49BUo9MQtXNnxngl1DgoUX4Ge5CKDpuXoqTnYMZ4K9MliZUzUJcO435KhhkHiJC052GB42w5WwSI21c_Z3qsCLhbl5UHROCxERda6O8qlREEcD0dcCkdBN0JFvFD3NXV8nMpgJ\">https:\/\/l.facebook.com\/l.php?u=https%3A%2F%2Fmailchi.mp%2F98c45eaad0de%2Fnewsletter-mars-4945158%3Ffbclid%3DIwAR2j_xcBwAVw0auVZES3x20-awOmKrECfNVHVfsDMqjqGuEstouii1ZaFt0&amp;h=AT02vqY3LZmzV6BvjZe1W57wi1NnEmk0bnqsKkmkpychCL2gMvqIHa1DpBcoEbdgx9-fNO0Vpni9Q5PLRe8nA1p0vNQfn-co99XbbK_eLd0x80tGaM3aX3lC0tmHxn2CsCT14MHcnvMAF8YufhjB3IGf7Hv2yoi_a9GtUJ8kJt-nj9rvIsdqkaLEAAx-xKG_hrX3ZlyjK1qiAl3BK4DIjXVfoh_47O7bqTZCrzRPUAx-bf7auuXspJVAopyc3ahQVyCWKslEEHPUKTsRbR9eDNZdOLavqCWc0vObusysx42u3X08n3PegX-4yevO3VjozOl9KWszCWI1XKB_Fj-LUVN0etAmQHJbPVREs-nELSnvKBqlgRUbmmcGjXWI_xeiuDTERZoDNtFQLQTHr7PJB58d2mra_aNhP6hhNJhlLjlsAgqXfSfXL4Ldar5KJce3S6F-B2lztD2Gz-Wy4AiruzQJnBvmx1bPdn0NoGd4RTk_GuBgoQcUxZl-1E49BUo9MQtXNnxngl1DgoUX4Ge5CKDpuXoqTnYMZ4K9MliZUzUJcO435KhhkHiJC052GB42w5WwSI21c_Z3qsCLhbl5UHROCxERda6O8qlREEcD0dcCkdBN0JFvFD3NXV8nMpgJ<\/a><\/p>\n","protected":false},"excerpt":{"rendered":"<p>Les Ateliers Marianne est un atelier d&rsquo;insertion socioprofessionnelle bas\u00e9 sur la commune de Pont-de-Claix. Leur activit\u00e9 est li\u00e9e \u00e0 la confection de textiles, accessoires de mode et de pr\u00eat \u00e0 porter et \u00e0 la cr\u00e9ation de meubles et objets de &hellip; <a href=\"https:\/\/www.laressourcerie-bv.fr\/?p=7834\">Lire la suite\u00ad\u00ad<\/a><\/p>\n","protected":false},"author":3,"featured_media":0,"comment_status":"closed","ping_status":"closed","sticky":false,"template":"","format":"standard","meta":{"kt_blocks_editor_width":"","jetpack_post_was_ever_published":false,"_jetpack_newsletter_access":"","_jetpack_dont_email_post_to_subs":false,"_jetpack_newsletter_tier_id":0,"_jetpack_memberships_contains_paywalled_content":false,"_jetpack_memberships_contains_paid_content":false,"footnotes":"","jetpack_publicize_message":"","jetpack_publicize_feature_enabled":true,"jetpack_social_post_already_shared":true,"jetpack_social_options":{"image_generator_settings":{"template":"highway","default_image_id":0,"font":"","enabled":false},"version":2}},"categories":[4,9],"tags":[],"class_list":["post-7834","post","type-post","status-publish","format-standard","hentry","category-informations-generales","category-sensibilisation"],"jetpack_publicize_connections":[],"jetpack_featured_media_url":"","jetpack_sharing_enabled":true,"jetpack_shortlink":"https:\/\/wp.me\/p4vcLL-22m","_links":{"self":[{"href":"https:\/\/www.laressourcerie-bv.fr\/index.php?rest_route=\/wp\/v2\/posts\/7834","targetHints":{"allow":["GET"]}}],"collection":[{"href":"https:\/\/www.laressourcerie-bv.fr\/index.php?rest_route=\/wp\/v2\/posts"}],"about":[{"href":"https:\/\/www.laressourcerie-bv.fr\/index.php?rest_route=\/wp\/v2\/types\/post"}],"author":[{"embeddable":true,"href":"https:\/\/www.laressourcerie-bv.fr\/index.php?rest_route=\/wp\/v2\/users\/3"}],"replies":[{"embeddable":true,"href":"https:\/\/www.laressourcerie-bv.fr\/index.php?rest_route=%2Fwp%2Fv2%2Fcomments&post=7834"}],"version-history":[{"count":2,"href":"https:\/\/www.laressourcerie-bv.fr\/index.php?rest_route=\/wp\/v2\/posts\/7834\/revisions"}],"predecessor-version":[{"id":7836,"href":"https:\/\/www.laressourcerie-bv.fr\/index.php?rest_route=\/wp\/v2\/posts\/7834\/revisions\/7836"}],"wp:attachment":[{"href":"https:\/\/www.laressourcerie-bv.fr\/index.php?rest_route=%2Fwp%2Fv2%2Fmedia&parent=7834"}],"wp:term":[{"taxonomy":"category","embeddable":true,"href":"https:\/\/www.laressourcerie-bv.fr\/index.php?rest_route=%2Fwp%2Fv2%2Fcategories&post=7834"},{"taxonomy":"post_tag","embeddable":true,"href":"https:\/\/www.laressourcerie-bv.fr\/index.php?rest_route=%2Fwp%2Fv2%2Ftags&post=7834"}],"curies":[{"name":"wp","href":"https:\/\/api.w.org\/{rel}","templated":true}]}}