{"id":23872,"date":"2026-09-05T14:48:50","date_gmt":"2026-09-05T13:48:50","guid":{"rendered":"https:\/\/www.laressourcerie-bv.fr\/?p=23872"},"modified":"2026-09-05T14:48:52","modified_gmt":"2026-09-05T13:48:52","slug":"cest-la-rentree","status":"publish","type":"post","link":"https:\/\/www.laressourcerie-bv.fr\/?p=23872","title":{"rendered":"C&rsquo;est la Rentr\u00e9e !!"},"content":{"rendered":"\n<p class=\"wp-block-paragraph\" style=\"font-size:19px\">La semaine derni\u00e8re, nous vous rappelions les horaires d&rsquo;ouvertures de nos deux magasins, \u00e0 St-Pierre de Bressieux et \u00e0 Beaurepaire, ainsi que les jours disponibles d\u00e9di\u00e9s aux dons sur place.<\/p>\n\n\n\n<p class=\"wp-block-paragraph\" style=\"font-size:19px\">Cette semaine, nous vous pr\u00e9sentons de nouveau nos deux prestations qui peuvent peut-\u00eatre vous int\u00e9resser:<\/p>\n\n\n\n<figure class=\"wp-block-image size-large\"><a href=\"https:\/\/i0.wp.com\/www.laressourcerie-bv.fr\/wp-content\/uploads\/2026\/09\/Affiche-flyer-vide-grenier-marche-aux-puces-brocante-vente-meubles-seconde-main-illustratif-vintage-beige-marron.png?ssl=1\"><img data-recalc-dims=\"1\" loading=\"lazy\" decoding=\"async\" width=\"724\" height=\"1024\" data-attachment-id=\"23873\" data-permalink=\"https:\/\/www.laressourcerie-bv.fr\/?attachment_id=23873\" data-orig-file=\"https:\/\/i0.wp.com\/www.laressourcerie-bv.fr\/wp-content\/uploads\/2026\/09\/Affiche-flyer-vide-grenier-marche-aux-puces-brocante-vente-meubles-seconde-main-illustratif-vintage-beige-marron.png?fit=1414%2C2000&amp;ssl=1\" data-orig-size=\"1414,2000\" data-comments-opened=\"0\" data-image-meta=\"{&quot;aperture&quot;:&quot;0&quot;,&quot;credit&quot;:&quot;&quot;,&quot;camera&quot;:&quot;&quot;,&quot;caption&quot;:&quot;&quot;,&quot;created_timestamp&quot;:&quot;0&quot;,&quot;copyright&quot;:&quot;&quot;,&quot;focal_length&quot;:&quot;0&quot;,&quot;iso&quot;:&quot;0&quot;,&quot;shutter_speed&quot;:&quot;0&quot;,&quot;title&quot;:&quot;&quot;,&quot;orientation&quot;:&quot;0&quot;,&quot;alt&quot;:&quot;&quot;}\" data-image-title=\"Affiche flyer vide grenier march\u00e9 aux puces brocante vente meubles seconde main illustratif vintage beige marron\" data-image-description=\"\" data-image-caption=\"\" data-large-file=\"https:\/\/i0.wp.com\/www.laressourcerie-bv.fr\/wp-content\/uploads\/2026\/09\/Affiche-flyer-vide-grenier-marche-aux-puces-brocante-vente-meubles-seconde-main-illustratif-vintage-beige-marron.png?fit=724%2C1024&amp;ssl=1\" src=\"https:\/\/i0.wp.com\/www.laressourcerie-bv.fr\/wp-content\/uploads\/2026\/09\/Affiche-flyer-vide-grenier-marche-aux-puces-brocante-vente-meubles-seconde-main-illustratif-vintage-beige-marron.png?resize=724%2C1024&#038;ssl=1\" alt=\"\" class=\"wp-image-23873\" srcset=\"https:\/\/i0.wp.com\/www.laressourcerie-bv.fr\/wp-content\/uploads\/2026\/09\/Affiche-flyer-vide-grenier-marche-aux-puces-brocante-vente-meubles-seconde-main-illustratif-vintage-beige-marron.png?resize=724%2C1024&amp;ssl=1 724w, https:\/\/i0.wp.com\/www.laressourcerie-bv.fr\/wp-content\/uploads\/2026\/09\/Affiche-flyer-vide-grenier-marche-aux-puces-brocante-vente-meubles-seconde-main-illustratif-vintage-beige-marron.png?resize=212%2C300&amp;ssl=1 212w, https:\/\/i0.wp.com\/www.laressourcerie-bv.fr\/wp-content\/uploads\/2026\/09\/Affiche-flyer-vide-grenier-marche-aux-puces-brocante-vente-meubles-seconde-main-illustratif-vintage-beige-marron.png?resize=768%2C1086&amp;ssl=1 768w, https:\/\/i0.wp.com\/www.laressourcerie-bv.fr\/wp-content\/uploads\/2026\/09\/Affiche-flyer-vide-grenier-marche-aux-puces-brocante-vente-meubles-seconde-main-illustratif-vintage-beige-marron.png?resize=1086%2C1536&amp;ssl=1 1086w, https:\/\/i0.wp.com\/www.laressourcerie-bv.fr\/wp-content\/uploads\/2026\/09\/Affiche-flyer-vide-grenier-marche-aux-puces-brocante-vente-meubles-seconde-main-illustratif-vintage-beige-marron.png?w=1414&amp;ssl=1 1414w\" sizes=\"auto, (max-width: 724px) 100vw, 724px\" \/><\/a><\/figure>\n\n\n\n<figure class=\"wp-block-image size-large\"><a href=\"https:\/\/i0.wp.com\/www.laressourcerie-bv.fr\/wp-content\/uploads\/2026\/09\/Com-collecte-encombrants-BIC-2026.png?ssl=1\"><img data-recalc-dims=\"1\" loading=\"lazy\" decoding=\"async\" width=\"683\" height=\"1024\" data-attachment-id=\"23874\" data-permalink=\"https:\/\/www.laressourcerie-bv.fr\/?attachment_id=23874\" data-orig-file=\"https:\/\/i0.wp.com\/www.laressourcerie-bv.fr\/wp-content\/uploads\/2026\/09\/Com-collecte-encombrants-BIC-2026.png?fit=1024%2C1536&amp;ssl=1\" data-orig-size=\"1024,1536\" data-comments-opened=\"0\" data-image-meta=\"{&quot;aperture&quot;:&quot;0&quot;,&quot;credit&quot;:&quot;&quot;,&quot;camera&quot;:&quot;&quot;,&quot;caption&quot;:&quot;&quot;,&quot;created_timestamp&quot;:&quot;0&quot;,&quot;copyright&quot;:&quot;&quot;,&quot;focal_length&quot;:&quot;0&quot;,&quot;iso&quot;:&quot;0&quot;,&quot;shutter_speed&quot;:&quot;0&quot;,&quot;title&quot;:&quot;&quot;,&quot;orientation&quot;:&quot;0&quot;,&quot;alt&quot;:&quot;&quot;}\" data-image-title=\"Com collecte encombrants BIC 2026\" data-image-description=\"\" data-image-caption=\"\" data-large-file=\"https:\/\/i0.wp.com\/www.laressourcerie-bv.fr\/wp-content\/uploads\/2026\/09\/Com-collecte-encombrants-BIC-2026.png?fit=683%2C1024&amp;ssl=1\" src=\"https:\/\/i0.wp.com\/www.laressourcerie-bv.fr\/wp-content\/uploads\/2026\/09\/Com-collecte-encombrants-BIC-2026.png?resize=683%2C1024&#038;ssl=1\" alt=\"\" class=\"wp-image-23874\" srcset=\"https:\/\/i0.wp.com\/www.laressourcerie-bv.fr\/wp-content\/uploads\/2026\/09\/Com-collecte-encombrants-BIC-2026.png?resize=683%2C1024&amp;ssl=1 683w, https:\/\/i0.wp.com\/www.laressourcerie-bv.fr\/wp-content\/uploads\/2026\/09\/Com-collecte-encombrants-BIC-2026.png?resize=200%2C300&amp;ssl=1 200w, https:\/\/i0.wp.com\/www.laressourcerie-bv.fr\/wp-content\/uploads\/2026\/09\/Com-collecte-encombrants-BIC-2026.png?resize=768%2C1152&amp;ssl=1 768w, https:\/\/i0.wp.com\/www.laressourcerie-bv.fr\/wp-content\/uploads\/2026\/09\/Com-collecte-encombrants-BIC-2026.png?w=1024&amp;ssl=1 1024w\" sizes=\"auto, (max-width: 683px) 100vw, 683px\" \/><\/a><\/figure>\n","protected":false},"excerpt":{"rendered":"<p>La semaine derni\u00e8re, nous vous rappelions les horaires d&rsquo;ouvertures de nos deux magasins, \u00e0 St-Pierre de Bressieux et \u00e0 Beaurepaire, ainsi que les jours disponibles d\u00e9di\u00e9s aux dons sur place. Cette semaine, nous vous pr\u00e9sentons de nouveau nos deux prestations &hellip; <a href=\"https:\/\/www.laressourcerie-bv.fr\/?p=23872\">Lire la suite\u00ad\u00ad<\/a><\/p>\n","protected":false},"author":3,"featured_media":23793,"comment_status":"closed","ping_status":"closed","sticky":false,"template":"","format":"standard","meta":{"kt_blocks_editor_width":"","_jetpack_newsletter_access":"","_jetpack_dont_email_post_to_subs":false,"_jetpack_newsletter_tier_id":0,"_jetpack_memberships_contains_paywalled_content":false,"_jetpack_feature_clip_id":0,"_jetpack_memberships_contains_paid_content":false,"footnotes":"","jetpack_publicize_message":"","jetpack_publicize_feature_enabled":true,"jetpack_social_post_already_shared":true,"jetpack_social_options":{"image_generator_settings":{"template":"highway","default_image_id":0,"font":"","enabled":false},"version":2},"jetpack_post_was_ever_published":false},"categories":[24,4],"tags":[],"class_list":["post-23872","post","type-post","status-publish","format-standard","has-post-thumbnail","hentry","category-annonce-exceptionnelle","category-informations-generales"],"jetpack_publicize_connections":[],"jetpack_sharing_enabled":true,"jetpack_shortlink":"https:\/\/wp.me\/p4vcLL-6d2","jetpack_featured_media_url":"https:\/\/i0.wp.com\/www.laressourcerie-bv.fr\/wp-content\/uploads\/2026\/08\/stress-rentree_28b81c01.jpg?fit=2000%2C1333&ssl=1","_links":{"self":[{"href":"https:\/\/www.laressourcerie-bv.fr\/index.php?rest_route=\/wp\/v2\/posts\/23872","targetHints":{"allow":["GET"]}}],"collection":[{"href":"https:\/\/www.laressourcerie-bv.fr\/index.php?rest_route=\/wp\/v2\/posts"}],"about":[{"href":"https:\/\/www.laressourcerie-bv.fr\/index.php?rest_route=\/wp\/v2\/types\/post"}],"author":[{"embeddable":true,"href":"https:\/\/www.laressourcerie-bv.fr\/index.php?rest_route=\/wp\/v2\/users\/3"}],"replies":[{"embeddable":true,"href":"https:\/\/www.laressourcerie-bv.fr\/index.php?rest_route=%2Fwp%2Fv2%2Fcomments&post=23872"}],"version-history":[{"count":1,"href":"https:\/\/www.laressourcerie-bv.fr\/index.php?rest_route=\/wp\/v2\/posts\/23872\/revisions"}],"predecessor-version":[{"id":23875,"href":"https:\/\/www.laressourcerie-bv.fr\/index.php?rest_route=\/wp\/v2\/posts\/23872\/revisions\/23875"}],"wp:featuredmedia":[{"embeddable":true,"href":"https:\/\/www.laressourcerie-bv.fr\/index.php?rest_route=\/wp\/v2\/media\/23793"}],"wp:attachment":[{"href":"https:\/\/www.laressourcerie-bv.fr\/index.php?rest_route=%2Fwp%2Fv2%2Fmedia&parent=23872"}],"wp:term":[{"taxonomy":"category","embeddable":true,"href":"https:\/\/www.laressourcerie-bv.fr\/index.php?rest_route=%2Fwp%2Fv2%2Fcategories&post=23872"},{"taxonomy":"post_tag","embeddable":true,"href":"https:\/\/www.laressourcerie-bv.fr\/index.php?rest_route=%2Fwp%2Fv2%2Ftags&post=23872"}],"curies":[{"name":"wp","href":"https:\/\/api.w.org\/{rel}","templated":true}]}}