{"id":15667,"date":"2024-02-16T08:48:25","date_gmt":"2024-02-16T07:48:25","guid":{"rendered":"https:\/\/www.laressourcerie-bv.fr\/?p=15667"},"modified":"2024-02-16T08:48:26","modified_gmt":"2024-02-16T07:48:26","slug":"a-vos-agendas-12","status":"publish","type":"post","link":"https:\/\/www.laressourcerie-bv.fr\/?p=15667","title":{"rendered":"\u00c0 vos agendas !"},"content":{"rendered":"\n<p style=\"font-size:16px\">Le <strong>jeudi 28 mars 2024<\/strong>, nous vous donnons rendez-vous au <strong>Parc Allivet, \u00e0 la C\u00f4te Saint-Andr\u00e9<\/strong>, de 9h \u00e0 12h pour une <strong>collecte de dons<\/strong>.<\/p>\n\n\n\n<p style=\"font-size:16px\">Donner, c&rsquo;est bien ! mais en plus de cela, vous aurez l&rsquo;occasion de rencontrer des \u00e9l\u00e8ves du <strong>Lyc\u00e9e Agricole<\/strong>, impliqu\u00e9s et motiv\u00e9s, \u00e0 l&rsquo;initiative de cette animation \u00e9co-responsable. <em><strong>Venez nombreux !!<\/strong><\/em><\/p>\n\n\n\n<p><\/p>\n\n\n\n<figure class=\"wp-block-image size-full\"><a href=\"https:\/\/i0.wp.com\/www.laressourcerie-bv.fr\/wp-content\/uploads\/2024\/02\/Lycee-Agricole-CSA-2024.jpg?ssl=1\"><img data-recalc-dims=\"1\" decoding=\"async\" src=\"https:\/\/i0.wp.com\/www.laressourcerie-bv.fr\/wp-content\/uploads\/2024\/02\/Lycee-Agricole-CSA-2024.jpg?ssl=1\" alt=\"\" class=\"wp-image-15666\" \/><\/a><\/figure>\n","protected":false},"excerpt":{"rendered":"<p>Le jeudi 28 mars 2024, nous vous donnons rendez-vous au Parc Allivet, \u00e0 la C\u00f4te Saint-Andr\u00e9, de 9h \u00e0 12h pour une collecte de dons. Donner, c&rsquo;est bien ! mais en plus de cela, vous aurez l&rsquo;occasion de rencontrer des &hellip; <a href=\"https:\/\/www.laressourcerie-bv.fr\/?p=15667\">Lire la suite\u00ad\u00ad<\/a><\/p>\n","protected":false},"author":3,"featured_media":0,"comment_status":"closed","ping_status":"closed","sticky":false,"template":"","format":"standard","meta":{"kt_blocks_editor_width":"","jetpack_post_was_ever_published":false,"_jetpack_newsletter_access":"","_jetpack_dont_email_post_to_subs":false,"_jetpack_newsletter_tier_id":0,"_jetpack_memberships_contains_paywalled_content":false,"_jetpack_memberships_contains_paid_content":false,"footnotes":"","jetpack_publicize_message":"","jetpack_publicize_feature_enabled":true,"jetpack_social_post_already_shared":true,"jetpack_social_options":{"image_generator_settings":{"template":"highway","default_image_id":0,"font":"","enabled":false},"version":2}},"categories":[8,15,11,9],"tags":[],"class_list":["post-15667","post","type-post","status-publish","format-standard","hentry","category-animation","category-evenementiel","category-reemploi","category-sensibilisation"],"jetpack_publicize_connections":[],"jetpack_featured_media_url":"","jetpack_sharing_enabled":true,"jetpack_shortlink":"https:\/\/wp.me\/p4vcLL-44H","_links":{"self":[{"href":"https:\/\/www.laressourcerie-bv.fr\/index.php?rest_route=\/wp\/v2\/posts\/15667","targetHints":{"allow":["GET"]}}],"collection":[{"href":"https:\/\/www.laressourcerie-bv.fr\/index.php?rest_route=\/wp\/v2\/posts"}],"about":[{"href":"https:\/\/www.laressourcerie-bv.fr\/index.php?rest_route=\/wp\/v2\/types\/post"}],"author":[{"embeddable":true,"href":"https:\/\/www.laressourcerie-bv.fr\/index.php?rest_route=\/wp\/v2\/users\/3"}],"replies":[{"embeddable":true,"href":"https:\/\/www.laressourcerie-bv.fr\/index.php?rest_route=%2Fwp%2Fv2%2Fcomments&post=15667"}],"version-history":[{"count":1,"href":"https:\/\/www.laressourcerie-bv.fr\/index.php?rest_route=\/wp\/v2\/posts\/15667\/revisions"}],"predecessor-version":[{"id":15677,"href":"https:\/\/www.laressourcerie-bv.fr\/index.php?rest_route=\/wp\/v2\/posts\/15667\/revisions\/15677"}],"wp:attachment":[{"href":"https:\/\/www.laressourcerie-bv.fr\/index.php?rest_route=%2Fwp%2Fv2%2Fmedia&parent=15667"}],"wp:term":[{"taxonomy":"category","embeddable":true,"href":"https:\/\/www.laressourcerie-bv.fr\/index.php?rest_route=%2Fwp%2Fv2%2Fcategories&post=15667"},{"taxonomy":"post_tag","embeddable":true,"href":"https:\/\/www.laressourcerie-bv.fr\/index.php?rest_route=%2Fwp%2Fv2%2Ftags&post=15667"}],"curies":[{"name":"wp","href":"https:\/\/api.w.org\/{rel}","templated":true}]}}